{"id":10,"date":"2014-01-31T06:46:35","date_gmt":"2014-01-31T04:46:35","guid":{"rendered":"https:\/\/grosseselhoferkg.de\/wordpress\/index.php\/2014\/01\/31\/tanzcorps-blau-weiss-selhof\/"},"modified":"2023-04-09T07:04:44","modified_gmt":"2023-04-09T05:04:44","slug":"tanzcorps-blau-weiss-selhof","status":"publish","type":"post","link":"https:\/\/grosse-selhofer-kg.de\/index.php\/2014\/01\/31\/tanzcorps-blau-weiss-selhof\/","title":{"rendered":"Tanzcorps Blau Wei\u00df Selhof"},"content":{"rendered":"<p><img loading=\"lazy\" decoding=\"async\" class=\" size-full wp-image-162\" style=\"display: block; margin-left: auto; margin-right: auto;\" src=\"https:\/\/grosse-selhofer-kg.de\/wp-content\/uploads\/2014\/01\/IMG_0446-scaled.jpg\" alt=\"\" width=\"405\" height=\"269\" border=\"0\" srcset=\"https:\/\/grosse-selhofer-kg.de\/wp-content\/uploads\/2014\/01\/IMG_0446-scaled.jpg 2560w, https:\/\/grosse-selhofer-kg.de\/wp-content\/uploads\/2014\/01\/IMG_0446-300x200.jpg 300w, https:\/\/grosse-selhofer-kg.de\/wp-content\/uploads\/2014\/01\/IMG_0446-1024x683.jpg 1024w, https:\/\/grosse-selhofer-kg.de\/wp-content\/uploads\/2014\/01\/IMG_0446-768x512.jpg 768w, https:\/\/grosse-selhofer-kg.de\/wp-content\/uploads\/2014\/01\/IMG_0446-1536x1024.jpg 1536w, https:\/\/grosse-selhofer-kg.de\/wp-content\/uploads\/2014\/01\/IMG_0446-2048x1365.jpg 2048w, https:\/\/grosse-selhofer-kg.de\/wp-content\/uploads\/2014\/01\/IMG_0446-1568x1045.jpg 1568w\" sizes=\"auto, (max-width: 405px) 100vw, 405px\" \/><\/p>\n<p style=\"text-align: center;\"><span style=\"color: #003366;\"><em><span style=\"font-family: Tahoma; font-size: small;\">Blau-Wei\u00df Selhof &#8211;<br \/>das Traditionstanzcorps aus dem Siebengebirge.<\/span><\/em><\/span><\/p>\n<p style=\"text-align: center;\"><span style=\"color: #003366;\"><em><span style=\"font-family: Tahoma; font-size: small;\">Ob traditionelle M\u00e4rsche oder K\u00f6lner Stimmunglieder &#8211;<br \/>wir tanzen zu jeder Musik !<\/span><\/em><\/span><\/p>\n<p style=\"text-align: center;\"><span style=\"color: #000066;\"><em><span style=\"font-family: Tahoma; font-size: small;\">Wenn Sie Gardetanz mit Akrobatik f\u00fcr Ihre Veranstaltung suchen &#8211;<br \/>wir sind f\u00fcr sie da :<\/span><\/em><\/p>\n<p><em><span style=\"font-family: Tahoma; font-size: large;\"><span style=\"text-decoration: underline;\">Ihre Ansprechpartner:<\/span><\/p>\n<p><b>Denise Renner<\/b>&#8211; Mobil: 0172\/9092616<\/span><\/em><\/span><\/p>\n<p style=\"text-align: center;\"><span style=\"color: #000066;\"><em><span style=\"font-family: Tahoma; font-size: large;\">und<\/span><\/em><\/span><\/p>\n<p style=\"text-align: center;\"><span style=\"color: #000066;\"><em><span style=\"font-family: Tahoma; font-size: large;\"><em><span style=\"color: #000066;\"><strong><span style=\"font-family: Tahoma; font-size: large;\">Bianca Heck <\/span><\/strong><span style=\"font-size: 18px;\">&#8211; Mobil: 0151\/256 294 45<br \/><\/span><\/span><\/em><\/span><\/em><\/span><\/p>\n<p style=\"text-align: center;\"><span style=\"color: #000066;\"><em><span style=\"font-family: Tahoma; font-size: large;\"><em><span style=\"color: #000066;\"><span style=\"font-size: 18px;\">E-Mail:<\/span><\/span><\/em><\/span><\/em><\/span><\/p>\n<p style=\"text-align: center;\"><span class=\" mobile-oversized\" style=\"font-size: 24px; font-weight: bold;\">tanzgarde@blau-weiss-selhof.de<\/span><\/p>\n<p style=\"text-align: center;\">\u00a0<\/p>\n<p style=\"text-align: center;\"><em><span style=\"color: #000066;\"><span style=\"font-size: 18px;\">Besuchen Sie unsere Homepage:<\/span><\/span><\/em><\/p>\n<p style=\"text-align: center;\"><strong><em><span style=\"color: #000066;\"><span style=\"font-size: 18px;\"><a title=\"Tanzcorps Blau-Wei\u00df-Selhof\" href=\"http:\/\/www.blau-weiss-selhof.de\" rel=\"alternate\">http:\/\/www.blau-weiss-selhof.de<\/a><\/span><\/span><\/em><\/strong><\/p>\n<p style=\"text-align: center;\"><em><span style=\"color: #000066;\"><span style=\"font-size: 18px;\">\u00a0<\/span><\/span><\/em><\/p>\n<p><a style=\"text-decoration: none;\" href=\"index.php\/atrovent-discount-walgreens\">.<\/a><\/p>\n","protected":false},"excerpt":{"rendered":"<p>Blau-Wei\u00df Selhof &#8211;das Traditionstanzcorps aus dem Siebengebirge. Ob traditionelle M\u00e4rsche oder K\u00f6lner Stimmunglieder &#8211;wir tanzen zu jeder Musik ! Wenn Sie Gardetanz mit Akrobatik f\u00fcr Ihre Veranstaltung suchen &#8211;wir sind [&hellip;]<\/p>\n","protected":false},"author":16,"featured_media":162,"comment_status":"open","ping_status":"closed","sticky":false,"template":"","format":"standard","meta":{"_acf_changed":false,"footnotes":""},"categories":[5],"tags":[],"class_list":{"0":"post-10","1":"post","2":"type-post","3":"status-publish","4":"format-standard","5":"has-post-thumbnail","7":"category-webinhalt","8":"czr-hentry"},"acf":[],"_links":{"self":[{"href":"https:\/\/grosse-selhofer-kg.de\/index.php\/wp-json\/wp\/v2\/posts\/10","targetHints":{"allow":["GET"]}}],"collection":[{"href":"https:\/\/grosse-selhofer-kg.de\/index.php\/wp-json\/wp\/v2\/posts"}],"about":[{"href":"https:\/\/grosse-selhofer-kg.de\/index.php\/wp-json\/wp\/v2\/types\/post"}],"author":[{"embeddable":true,"href":"https:\/\/grosse-selhofer-kg.de\/index.php\/wp-json\/wp\/v2\/users\/16"}],"replies":[{"embeddable":true,"href":"https:\/\/grosse-selhofer-kg.de\/index.php\/wp-json\/wp\/v2\/comments?post=10"}],"version-history":[{"count":1,"href":"https:\/\/grosse-selhofer-kg.de\/index.php\/wp-json\/wp\/v2\/posts\/10\/revisions"}],"predecessor-version":[{"id":314,"href":"https:\/\/grosse-selhofer-kg.de\/index.php\/wp-json\/wp\/v2\/posts\/10\/revisions\/314"}],"wp:featuredmedia":[{"embeddable":true,"href":"https:\/\/grosse-selhofer-kg.de\/index.php\/wp-json\/wp\/v2\/media\/162"}],"wp:attachment":[{"href":"https:\/\/grosse-selhofer-kg.de\/index.php\/wp-json\/wp\/v2\/media?parent=10"}],"wp:term":[{"taxonomy":"category","embeddable":true,"href":"https:\/\/grosse-selhofer-kg.de\/index.php\/wp-json\/wp\/v2\/categories?post=10"},{"taxonomy":"post_tag","embeddable":true,"href":"https:\/\/grosse-selhofer-kg.de\/index.php\/wp-json\/wp\/v2\/tags?post=10"}],"curies":[{"name":"wp","href":"https:\/\/api.w.org\/{rel}","templated":true}]}}